{"id":365,"date":"2026-01-30T15:21:32","date_gmt":"2026-01-30T18:21:32","guid":{"rendered":"https:\/\/nes.uy\/?p=365"},"modified":"2026-02-04T15:29:15","modified_gmt":"2026-02-04T18:29:15","slug":"un-hito-para-la-electromovilidad-en-uruguay","status":"publish","type":"post","link":"https:\/\/nes.uy\/en\/un-hito-para-la-electromovilidad-en-uruguay\/","title":{"rendered":"A milestone for e-mobility in Uruguay"},"content":{"rendered":"<p><strong>First Complete Battery Replacement in Montevideo\u2019s Electric Buses<\/strong><\/p>\n\n\n\n<p>NES marks a turning point in the country\u2019s electric mobility landscape with the first full battery replacement carried out on electric buses \u2014 a key step to ensuring the continuity, efficiency, and sustainability of public transportation.<\/p>\n\n\n\n<p>In this milestone, NES participated as the official representative of CATL, the world\u2019s largest lithium battery manufacturer, leading the replacement process for electric buses operating in the city. This achievement highlights the importance of having top-tier technology and specialized teams to ensure the long-term performance and reliability of electric fleets.<\/p>\n\n\n\n<p>At NES, we contributed our expertise in electric mobility, energy systems, and infrastructure operations, supporting this critical process with international standards, technical planning, and a comprehensive approach focused on operational efficiency and extending vehicle lifespan.<\/p>\n\n\n\n<p>This advancement not only strengthens the present of electromobility in Montevideo but also projects a cleaner, more efficient, and sustainable future for urban transportation across the country.<\/p>\n\n\n\n<figure class=\"wp-block-image size-large\"><img loading=\"lazy\" decoding=\"async\" width=\"2500\" height=\"1600\" src=\"https:\/\/nes.uy\/app\/uploads\/2026\/01\/CATL.webp\" alt=\"\" class=\"wp-image-397\" data-no-translation=\"\"\/><\/figure>","protected":false},"excerpt":{"rendered":"<p>Primer recambio total de bater\u00edas en buses el\u00e9ctricos de Montevideo NES marca un antes y un despu\u00e9s en la movilidad el\u00e9ctrica del pa\u00eds con la realizaci\u00f3n del primer recambio total de bater\u00edas en buses el\u00e9ctricos, un paso clave para garantizar la continuidad, eficiencia y sustentabilidad del transporte p\u00fablico. En este hito, NES participa representando a [&hellip;]<\/p>\n","protected":false},"author":1,"featured_media":399,"comment_status":"open","ping_status":"open","sticky":false,"template":"","format":"standard","meta":{"_acf_changed":false,"footnotes":""},"categories":[1],"tags":[],"class_list":["post-365","post","type-post","status-publish","format-standard","has-post-thumbnail","hentry","category-sin-categoria"],"acf":[],"yoast_head":"<!-- This site is optimized with the Yoast SEO plugin v26.7 - https:\/\/yoast.com\/wordpress\/plugins\/seo\/ -->\n<title>Un hito para la electromovilidad en Uruguay | New Energy Solutions<\/title>\n<meta name=\"robots\" content=\"index, follow, max-snippet:-1, max-image-preview:large, max-video-preview:-1\" \/>\n<link rel=\"canonical\" href=\"https:\/\/nes.uy\/en\/un-hito-para-la-electromovilidad-en-uruguay\/\" \/>\n<meta property=\"og:locale\" content=\"en_US\" \/>\n<meta property=\"og:type\" content=\"article\" \/>\n<meta property=\"og:title\" content=\"Un hito para la electromovilidad en Uruguay | New Energy Solutions\" \/>\n<meta property=\"og:description\" content=\"Primer recambio total de bater\u00edas en buses el\u00e9ctricos de Montevideo NES marca un antes y un despu\u00e9s en la movilidad el\u00e9ctrica del pa\u00eds con la realizaci\u00f3n del primer recambio total de bater\u00edas en buses el\u00e9ctricos, un paso clave para garantizar la continuidad, eficiencia y sustentabilidad del transporte p\u00fablico. En este hito, NES participa representando a [&hellip;]\" \/>\n<meta property=\"og:url\" content=\"https:\/\/nes.uy\/en\/un-hito-para-la-electromovilidad-en-uruguay\/\" \/>\n<meta property=\"og:site_name\" content=\"New Energy Solutions\" \/>\n<meta property=\"article:published_time\" content=\"2026-01-30T18:21:32+00:00\" \/>\n<meta property=\"article:modified_time\" content=\"2026-02-04T18:29:15+00:00\" \/>\n<meta property=\"og:image\" content=\"https:\/\/nes.uy\/app\/uploads\/2026\/01\/WhatsApp-Image-2026-01-30-at-17.49.26-1.jpeg\" \/>\n\t<meta property=\"og:image:width\" content=\"1600\" \/>\n\t<meta property=\"og:image:height\" content=\"1200\" \/>\n\t<meta property=\"og:image:type\" content=\"image\/jpeg\" \/>\n<meta name=\"author\" content=\"admin\" \/>\n<meta name=\"twitter:card\" content=\"summary_large_image\" \/>\n<meta name=\"twitter:label1\" content=\"Written by\" \/>\n\t<meta name=\"twitter:data1\" content=\"admin\" \/>\n\t<meta name=\"twitter:label2\" content=\"Est. reading time\" \/>\n\t<meta name=\"twitter:data2\" content=\"2 minutes\" \/>\n<script type=\"application\/ld+json\" class=\"yoast-schema-graph\">{\"@context\":\"https:\/\/schema.org\",\"@graph\":[{\"@type\":\"Article\",\"@id\":\"https:\/\/nes.uy\/un-hito-para-la-electromovilidad-en-uruguay\/#article\",\"isPartOf\":{\"@id\":\"https:\/\/nes.uy\/un-hito-para-la-electromovilidad-en-uruguay\/\"},\"author\":{\"name\":\"admin\",\"@id\":\"https:\/\/nes.uy\/#\/schema\/person\/4ce02b1ff5ac9d2a85686d12dc2389e3\"},\"headline\":\"Un hito para la electromovilidad en Uruguay\",\"datePublished\":\"2026-01-30T18:21:32+00:00\",\"dateModified\":\"2026-02-04T18:29:15+00:00\",\"mainEntityOfPage\":{\"@id\":\"https:\/\/nes.uy\/un-hito-para-la-electromovilidad-en-uruguay\/\"},\"wordCount\":209,\"commentCount\":0,\"publisher\":{\"@id\":\"https:\/\/nes.uy\/#organization\"},\"image\":{\"@id\":\"https:\/\/nes.uy\/un-hito-para-la-electromovilidad-en-uruguay\/#primaryimage\"},\"thumbnailUrl\":\"https:\/\/nes.uy\/app\/uploads\/2026\/01\/WhatsApp-Image-2026-01-30-at-17.49.26-1.jpeg\",\"articleSection\":[\"Sin categor\u00eda\"],\"inLanguage\":\"en-US\",\"potentialAction\":[{\"@type\":\"CommentAction\",\"name\":\"Comment\",\"target\":[\"https:\/\/nes.uy\/un-hito-para-la-electromovilidad-en-uruguay\/#respond\"]}]},{\"@type\":\"WebPage\",\"@id\":\"https:\/\/nes.uy\/un-hito-para-la-electromovilidad-en-uruguay\/\",\"url\":\"https:\/\/nes.uy\/un-hito-para-la-electromovilidad-en-uruguay\/\",\"name\":\"Un hito para la electromovilidad en Uruguay | New Energy Solutions\",\"isPartOf\":{\"@id\":\"https:\/\/nes.uy\/#website\"},\"primaryImageOfPage\":{\"@id\":\"https:\/\/nes.uy\/un-hito-para-la-electromovilidad-en-uruguay\/#primaryimage\"},\"image\":{\"@id\":\"https:\/\/nes.uy\/un-hito-para-la-electromovilidad-en-uruguay\/#primaryimage\"},\"thumbnailUrl\":\"https:\/\/nes.uy\/app\/uploads\/2026\/01\/WhatsApp-Image-2026-01-30-at-17.49.26-1.jpeg\",\"datePublished\":\"2026-01-30T18:21:32+00:00\",\"dateModified\":\"2026-02-04T18:29:15+00:00\",\"breadcrumb\":{\"@id\":\"https:\/\/nes.uy\/un-hito-para-la-electromovilidad-en-uruguay\/#breadcrumb\"},\"inLanguage\":\"en-US\",\"potentialAction\":[{\"@type\":\"ReadAction\",\"target\":[\"https:\/\/nes.uy\/un-hito-para-la-electromovilidad-en-uruguay\/\"]}]},{\"@type\":\"ImageObject\",\"inLanguage\":\"en-US\",\"@id\":\"https:\/\/nes.uy\/un-hito-para-la-electromovilidad-en-uruguay\/#primaryimage\",\"url\":\"https:\/\/nes.uy\/app\/uploads\/2026\/01\/WhatsApp-Image-2026-01-30-at-17.49.26-1.jpeg\",\"contentUrl\":\"https:\/\/nes.uy\/app\/uploads\/2026\/01\/WhatsApp-Image-2026-01-30-at-17.49.26-1.jpeg\",\"width\":1600,\"height\":1200},{\"@type\":\"BreadcrumbList\",\"@id\":\"https:\/\/nes.uy\/un-hito-para-la-electromovilidad-en-uruguay\/#breadcrumb\",\"itemListElement\":[{\"@type\":\"ListItem\",\"position\":1,\"name\":\"Inicio\",\"item\":\"https:\/\/nes.uy\/\"},{\"@type\":\"ListItem\",\"position\":2,\"name\":\"Un hito para la electromovilidad en Uruguay\"}]},{\"@type\":\"WebSite\",\"@id\":\"https:\/\/nes.uy\/#website\",\"url\":\"https:\/\/nes.uy\/\",\"name\":\"New Energy Solutions\",\"description\":\"Impulsamos el cambio hacia un futuro sostenible.\",\"publisher\":{\"@id\":\"https:\/\/nes.uy\/#organization\"},\"potentialAction\":[{\"@type\":\"SearchAction\",\"target\":{\"@type\":\"EntryPoint\",\"urlTemplate\":\"https:\/\/nes.uy\/?s={search_term_string}\"},\"query-input\":{\"@type\":\"PropertyValueSpecification\",\"valueRequired\":true,\"valueName\":\"search_term_string\"}}],\"inLanguage\":\"en-US\"},{\"@type\":\"Organization\",\"@id\":\"https:\/\/nes.uy\/#organization\",\"name\":\"New Energy Solutions\",\"url\":\"https:\/\/nes.uy\/\",\"logo\":{\"@type\":\"ImageObject\",\"inLanguage\":\"en-US\",\"@id\":\"https:\/\/nes.uy\/#\/schema\/logo\/image\/\",\"url\":\"https:\/\/nes.uy\/app\/uploads\/2026\/01\/Logo-Nes-Color-1.svg\",\"contentUrl\":\"https:\/\/nes.uy\/app\/uploads\/2026\/01\/Logo-Nes-Color-1.svg\",\"width\":1,\"height\":1,\"caption\":\"New Energy Solutions\"},\"image\":{\"@id\":\"https:\/\/nes.uy\/#\/schema\/logo\/image\/\"},\"sameAs\":[\"https:\/\/www.instagram.com\/newenergysolutions_\/\",\"https:\/\/www.linkedin.com\/company\/92821427\/admin\/dashboard\/\"]},{\"@type\":\"Person\",\"@id\":\"https:\/\/nes.uy\/#\/schema\/person\/4ce02b1ff5ac9d2a85686d12dc2389e3\",\"name\":\"admin\",\"image\":{\"@type\":\"ImageObject\",\"inLanguage\":\"en-US\",\"@id\":\"https:\/\/nes.uy\/#\/schema\/person\/image\/\",\"url\":\"https:\/\/secure.gravatar.com\/avatar\/b289e54f752583beb1dfea6b84d82f8d2488868ab6330ce7f9c8b972422fbc91?s=96&d=mm&r=g\",\"contentUrl\":\"https:\/\/secure.gravatar.com\/avatar\/b289e54f752583beb1dfea6b84d82f8d2488868ab6330ce7f9c8b972422fbc91?s=96&d=mm&r=g\",\"caption\":\"admin\"},\"sameAs\":[\"https:\/\/nes.uy\/wp\"],\"url\":\"https:\/\/nes.uy\/en\/author\/admin\/\"}]}<\/script>\n<!-- \/ Yoast SEO plugin. -->","yoast_head_json":{"title":"Un hito para la electromovilidad en Uruguay | New Energy Solutions","robots":{"index":"index","follow":"follow","max-snippet":"max-snippet:-1","max-image-preview":"max-image-preview:large","max-video-preview":"max-video-preview:-1"},"canonical":"https:\/\/nes.uy\/en\/un-hito-para-la-electromovilidad-en-uruguay\/","og_locale":"en_US","og_type":"article","og_title":"Un hito para la electromovilidad en Uruguay | New Energy Solutions","og_description":"Primer recambio total de bater\u00edas en buses el\u00e9ctricos de Montevideo NES marca un antes y un despu\u00e9s en la movilidad el\u00e9ctrica del pa\u00eds con la realizaci\u00f3n del primer recambio total de bater\u00edas en buses el\u00e9ctricos, un paso clave para garantizar la continuidad, eficiencia y sustentabilidad del transporte p\u00fablico. En este hito, NES participa representando a [&hellip;]","og_url":"https:\/\/nes.uy\/en\/un-hito-para-la-electromovilidad-en-uruguay\/","og_site_name":"New Energy Solutions","article_published_time":"2026-01-30T18:21:32+00:00","article_modified_time":"2026-02-04T18:29:15+00:00","og_image":[{"width":1600,"height":1200,"url":"https:\/\/nes.uy\/app\/uploads\/2026\/01\/WhatsApp-Image-2026-01-30-at-17.49.26-1.jpeg","type":"image\/jpeg"}],"author":"admin","twitter_card":"summary_large_image","twitter_misc":{"Written by":"admin","Est. reading time":"2 minutes"},"schema":{"@context":"https:\/\/schema.org","@graph":[{"@type":"Article","@id":"https:\/\/nes.uy\/un-hito-para-la-electromovilidad-en-uruguay\/#article","isPartOf":{"@id":"https:\/\/nes.uy\/un-hito-para-la-electromovilidad-en-uruguay\/"},"author":{"name":"admin","@id":"https:\/\/nes.uy\/#\/schema\/person\/4ce02b1ff5ac9d2a85686d12dc2389e3"},"headline":"Un hito para la electromovilidad en Uruguay","datePublished":"2026-01-30T18:21:32+00:00","dateModified":"2026-02-04T18:29:15+00:00","mainEntityOfPage":{"@id":"https:\/\/nes.uy\/un-hito-para-la-electromovilidad-en-uruguay\/"},"wordCount":209,"commentCount":0,"publisher":{"@id":"https:\/\/nes.uy\/#organization"},"image":{"@id":"https:\/\/nes.uy\/un-hito-para-la-electromovilidad-en-uruguay\/#primaryimage"},"thumbnailUrl":"https:\/\/nes.uy\/app\/uploads\/2026\/01\/WhatsApp-Image-2026-01-30-at-17.49.26-1.jpeg","articleSection":["Sin categor\u00eda"],"inLanguage":"en-US","potentialAction":[{"@type":"CommentAction","name":"Comment","target":["https:\/\/nes.uy\/un-hito-para-la-electromovilidad-en-uruguay\/#respond"]}]},{"@type":"WebPage","@id":"https:\/\/nes.uy\/un-hito-para-la-electromovilidad-en-uruguay\/","url":"https:\/\/nes.uy\/un-hito-para-la-electromovilidad-en-uruguay\/","name":"Un hito para la electromovilidad en Uruguay | New Energy Solutions","isPartOf":{"@id":"https:\/\/nes.uy\/#website"},"primaryImageOfPage":{"@id":"https:\/\/nes.uy\/un-hito-para-la-electromovilidad-en-uruguay\/#primaryimage"},"image":{"@id":"https:\/\/nes.uy\/un-hito-para-la-electromovilidad-en-uruguay\/#primaryimage"},"thumbnailUrl":"https:\/\/nes.uy\/app\/uploads\/2026\/01\/WhatsApp-Image-2026-01-30-at-17.49.26-1.jpeg","datePublished":"2026-01-30T18:21:32+00:00","dateModified":"2026-02-04T18:29:15+00:00","breadcrumb":{"@id":"https:\/\/nes.uy\/un-hito-para-la-electromovilidad-en-uruguay\/#breadcrumb"},"inLanguage":"en-US","potentialAction":[{"@type":"ReadAction","target":["https:\/\/nes.uy\/un-hito-para-la-electromovilidad-en-uruguay\/"]}]},{"@type":"ImageObject","inLanguage":"en-US","@id":"https:\/\/nes.uy\/un-hito-para-la-electromovilidad-en-uruguay\/#primaryimage","url":"https:\/\/nes.uy\/app\/uploads\/2026\/01\/WhatsApp-Image-2026-01-30-at-17.49.26-1.jpeg","contentUrl":"https:\/\/nes.uy\/app\/uploads\/2026\/01\/WhatsApp-Image-2026-01-30-at-17.49.26-1.jpeg","width":1600,"height":1200},{"@type":"BreadcrumbList","@id":"https:\/\/nes.uy\/un-hito-para-la-electromovilidad-en-uruguay\/#breadcrumb","itemListElement":[{"@type":"ListItem","position":1,"name":"Inicio","item":"https:\/\/nes.uy\/"},{"@type":"ListItem","position":2,"name":"Un hito para la electromovilidad en Uruguay"}]},{"@type":"WebSite","@id":"https:\/\/nes.uy\/#website","url":"https:\/\/nes.uy\/","name":"New Energy Solutions","description":"Impulsamos el cambio hacia un futuro sostenible.","publisher":{"@id":"https:\/\/nes.uy\/#organization"},"potentialAction":[{"@type":"SearchAction","target":{"@type":"EntryPoint","urlTemplate":"https:\/\/nes.uy\/?s={search_term_string}"},"query-input":{"@type":"PropertyValueSpecification","valueRequired":true,"valueName":"search_term_string"}}],"inLanguage":"en-US"},{"@type":"Organization","@id":"https:\/\/nes.uy\/#organization","name":"New Energy Solutions","url":"https:\/\/nes.uy\/","logo":{"@type":"ImageObject","inLanguage":"en-US","@id":"https:\/\/nes.uy\/#\/schema\/logo\/image\/","url":"https:\/\/nes.uy\/app\/uploads\/2026\/01\/Logo-Nes-Color-1.svg","contentUrl":"https:\/\/nes.uy\/app\/uploads\/2026\/01\/Logo-Nes-Color-1.svg","width":1,"height":1,"caption":"New Energy Solutions"},"image":{"@id":"https:\/\/nes.uy\/#\/schema\/logo\/image\/"},"sameAs":["https:\/\/www.instagram.com\/newenergysolutions_\/","https:\/\/www.linkedin.com\/company\/92821427\/admin\/dashboard\/"]},{"@type":"Person","@id":"https:\/\/nes.uy\/#\/schema\/person\/4ce02b1ff5ac9d2a85686d12dc2389e3","name":"admin","image":{"@type":"ImageObject","inLanguage":"en-US","@id":"https:\/\/nes.uy\/#\/schema\/person\/image\/","url":"https:\/\/secure.gravatar.com\/avatar\/b289e54f752583beb1dfea6b84d82f8d2488868ab6330ce7f9c8b972422fbc91?s=96&d=mm&r=g","contentUrl":"https:\/\/secure.gravatar.com\/avatar\/b289e54f752583beb1dfea6b84d82f8d2488868ab6330ce7f9c8b972422fbc91?s=96&d=mm&r=g","caption":"admin"},"sameAs":["https:\/\/nes.uy\/wp"],"url":"https:\/\/nes.uy\/en\/author\/admin\/"}]}},"_links":{"self":[{"href":"https:\/\/nes.uy\/en\/wp-json\/wp\/v2\/posts\/365","targetHints":{"allow":["GET"]}}],"collection":[{"href":"https:\/\/nes.uy\/en\/wp-json\/wp\/v2\/posts"}],"about":[{"href":"https:\/\/nes.uy\/en\/wp-json\/wp\/v2\/types\/post"}],"author":[{"embeddable":true,"href":"https:\/\/nes.uy\/en\/wp-json\/wp\/v2\/users\/1"}],"replies":[{"embeddable":true,"href":"https:\/\/nes.uy\/en\/wp-json\/wp\/v2\/comments?post=365"}],"version-history":[{"count":3,"href":"https:\/\/nes.uy\/en\/wp-json\/wp\/v2\/posts\/365\/revisions"}],"predecessor-version":[{"id":404,"href":"https:\/\/nes.uy\/en\/wp-json\/wp\/v2\/posts\/365\/revisions\/404"}],"wp:featuredmedia":[{"embeddable":true,"href":"https:\/\/nes.uy\/en\/wp-json\/wp\/v2\/media\/399"}],"wp:attachment":[{"href":"https:\/\/nes.uy\/en\/wp-json\/wp\/v2\/media?parent=365"}],"wp:term":[{"taxonomy":"category","embeddable":true,"href":"https:\/\/nes.uy\/en\/wp-json\/wp\/v2\/categories?post=365"},{"taxonomy":"post_tag","embeddable":true,"href":"https:\/\/nes.uy\/en\/wp-json\/wp\/v2\/tags?post=365"}],"curies":[{"name":"wp","href":"https:\/\/api.w.org\/{rel}","templated":true}]}}